{"id":1079,"date":"2021-05-19T07:52:11","date_gmt":"2021-05-19T07:52:11","guid":{"rendered":"http:\/\/www.kullasund.se\/index.php\/?p=1079"},"modified":"2024-04-23T12:41:27","modified_gmt":"2024-04-23T12:41:27","slug":"nyhetsbrev","status":"publish","type":"post","link":"https:\/\/www.kullasund.se\/index.php\/nyhetsbrev\/","title":{"rendered":"Nyhetsbrev"},"content":{"rendered":"\n<p><strong>M\u00e5la bloml\u00e5dor<\/strong><\/p>\n\n\n\n<p>Det finns \u00e4ven svart f\u00e4rg f\u00f6r de parhus\u00e4gare\nsom k\u00e4nner sig sugna p\u00e5 att fr\u00e4scha upp sin bloml\u00e5da utanf\u00f6r huset, f\u00e4rgen\nfinns i f\u00f6rr\u00e5det inne i stora cykelrummet i garaget.<\/p>\n\n\n\n<p><strong>St\u00e4dning av soprummen<\/strong><\/p>\n\n\n\n<p>Som ni s\u00e4kert uppm\u00e4rksammat s\u00e5 finns det inget\nst\u00e4dschema f\u00f6r soprummen i \u00e5r. P\u00e5 grund av att st\u00e4dningen inte har fungerat s\u00e5\nhar styrelsen beslutat att l\u00e4gga ut soprumsst\u00e4dningen p\u00e5 entrepren\u00f6r. Det\nst\u00e4das en g\u00e5ng per vecka av L\u00f6fbergs st\u00e4d. Men det inneb\u00e4r att vi fortfarande\nm\u00e5ste hj\u00e4lpas \u00e5t att h\u00e5lla ordning, tappar man n\u00e5got p\u00e5 golvet s\u00e5 tar man upp\ndet. <\/p>\n\n\n\n<p>Det kommer en del synpunkter p\u00e5 hur det\nsorteras. Har man handlat saker som kommer i stora kartonger s\u00e5 m\u00e5ste man sj\u00e4lv\nombes\u00f6rja att dessa kommer till tippen. V\u00e5ra k\u00e4rl \u00e4r till f\u00f6r mindre\nf\u00f6rpackningar. Det \u00e4r ocks\u00e5 viktigt att alla f\u00f6rpackningar plattas till f\u00f6r att\ninte fylla k\u00e4rlen direkt.<\/p>\n\n\n\n<p>Matavfallsp\u00e5sar finns p\u00e5 hyllorna inne i f\u00f6rr\u00e5det\ni stora cykelrummet i garaget. Bara att h\u00e4mta n\u00e4r de saknas hemma.<\/p>\n\n\n\n<p><strong>Bygga om hemma? <\/strong><\/p>\n\n\n\n<p>Gl\u00f6m inte att ni m\u00e5ste l\u00e4mna in en\n\u00e4ndringsblankett om ni har f\u00f6r avsikt att g\u00f6ra v\u00e4sentliga \u00e4ndringar hemma alt.\nutanf\u00f6r tex, bygga nytt badrum eller l\u00e4gga trall utomhus. Blanketten finns p\u00e5\nhemsidan.&nbsp;<\/p>\n\n\n\n<p><strong>Felanm\u00e4lan<\/strong><\/p>\n\n\n\n<p>Vill du g\u00f6ra en felanm\u00e4lan ska du i f\u00f6rsta hand g\u00f6ra en anm\u00e4lan till styrelsen, maila <a href=\"mailto:info@kullasund.com\">info@kullasund.com<\/a>&nbsp; Det \u00e4r bara vid akuta \u00e4renden felanm\u00e4lan ska g\u00f6ras till SVEFAB. T\u00e4nk till om det \u00e4r n\u00e5got som g\u00e5r att l\u00f6sa sj\u00e4lv eller ta hj\u00e4lp av n\u00e5gon innan ni kontaktar SVEFAB.<\/p>\n\n\n\n<p><strong>Grillplats.<\/strong><\/p>\n\n\n\n<p>Vi har best\u00e4llt en grillplats och fyra soffor som kommer att st\u00e5 nere p\u00e5\n\u00e4ngen. Leveransen kommer under maj m\u00e5nad. Gl\u00f6m inte f\u00f6lja Folkh\u00e4lsomyndighetens\nrekommendationer. F\u00f6rhoppningsvis kommer vi att kunna tr\u00e4ffas i st\u00f6rre s\u00e4llskap\nutomhus. Nu ser vi fram emot en sommar med riktigt sk\u00f6na grillkv\u00e4llar!<\/p>\n\n\n\n<figure class=\"wp-block-image size-large\"><img loading=\"lazy\" decoding=\"async\" width=\"502\" height=\"341\" src=\"https:\/\/www.kullasund.se\/wp-content\/uploads\/2021\/05\/Picture-1.png\" alt=\"\" class=\"wp-image-1080\" srcset=\"https:\/\/www.kullasund.se\/wp-content\/uploads\/2021\/05\/Picture-1.png 502w, https:\/\/www.kullasund.se\/wp-content\/uploads\/2021\/05\/Picture-1-300x204.png 300w\" sizes=\"auto, (max-width: 502px) 100vw, 502px\" \/><\/figure>\n\n\n\n<p><strong>Hundar<\/strong><\/p>\n\n\n\n<p>P\u00e5 f\u00f6rekommen anledning s\u00e5 vill vi p\u00e5peka att\ndet inte \u00e4r okej att rasta hundar inom bostadsomr\u00e5det.<\/p>\n","protected":false},"excerpt":{"rendered":"<p>M\u00e5la bloml\u00e5dor Det finns \u00e4ven svart f\u00e4rg f\u00f6r de parhus\u00e4gare som k\u00e4nner sig sugna p\u00e5 att fr\u00e4scha upp sin bloml\u00e5da utanf\u00f6r huset, f\u00e4rgen finns i f\u00f6rr\u00e5det inne i stora cykelrummet i garaget. St\u00e4dning av soprummen Som ni s\u00e4kert uppm\u00e4rksammat s\u00e5<\/p>\n","protected":false},"author":7,"featured_media":0,"comment_status":"closed","ping_status":"closed","sticky":false,"template":"","format":"standard","meta":{"footnotes":""},"categories":[10],"tags":[],"class_list":["post-1079","post","type-post","status-publish","format-standard","hentry","category-nyhet"],"_links":{"self":[{"href":"https:\/\/www.kullasund.se\/index.php\/wp-json\/wp\/v2\/posts\/1079","targetHints":{"allow":["GET"]}}],"collection":[{"href":"https:\/\/www.kullasund.se\/index.php\/wp-json\/wp\/v2\/posts"}],"about":[{"href":"https:\/\/www.kullasund.se\/index.php\/wp-json\/wp\/v2\/types\/post"}],"author":[{"embeddable":true,"href":"https:\/\/www.kullasund.se\/index.php\/wp-json\/wp\/v2\/users\/7"}],"replies":[{"embeddable":true,"href":"https:\/\/www.kullasund.se\/index.php\/wp-json\/wp\/v2\/comments?post=1079"}],"version-history":[{"count":3,"href":"https:\/\/www.kullasund.se\/index.php\/wp-json\/wp\/v2\/posts\/1079\/revisions"}],"predecessor-version":[{"id":1173,"href":"https:\/\/www.kullasund.se\/index.php\/wp-json\/wp\/v2\/posts\/1079\/revisions\/1173"}],"wp:attachment":[{"href":"https:\/\/www.kullasund.se\/index.php\/wp-json\/wp\/v2\/media?parent=1079"}],"wp:term":[{"taxonomy":"category","embeddable":true,"href":"https:\/\/www.kullasund.se\/index.php\/wp-json\/wp\/v2\/categories?post=1079"},{"taxonomy":"post_tag","embeddable":true,"href":"https:\/\/www.kullasund.se\/index.php\/wp-json\/wp\/v2\/tags?post=1079"}],"curies":[{"name":"wp","href":"https:\/\/api.w.org\/{rel}","templated":true}]}}